{"id":793,"date":"2021-04-15T16:28:38","date_gmt":"2021-04-15T16:28:38","guid":{"rendered":"https:\/\/www.escolatecnos.cat\/tecdi\/?p=793"},"modified":"2021-04-15T16:29:50","modified_gmt":"2021-04-15T16:29:50","slug":"dia-de-la-infancia","status":"publish","type":"post","link":"https:\/\/www.escolatecnos.cat\/tecdi\/index.php\/2021\/04\/15\/dia-de-la-infancia\/","title":{"rendered":"DIA DE L&#8217;INFANT"},"content":{"rendered":"\n<p>Avui, 15 d\u2019abril, es celebra en tot l\u2019estat el Dia de l&#8217;infant (a excepci\u00f3 de la Comunitat de Madrid). Tanmateix, no en tots els pa\u00efsos es celebra en la mateixa data.<\/p>\n\n\n\n<p>En el dia d\u2019avui es vol conmemorar la fraternitat i la comprensi\u00f3 de la infancia en el m\u00f3n. Est\u00e0 principalment destinat a incentivar i fomentar el benestar i els drets de les nenes i els nens del m\u00f3n. Per aix\u00f2, el buscador de Google ha decidit dedicar un \u201cdoodle\u201d en aquest dia tant important.<\/p>\n\n\n\n<p><img decoding=\"async\" loading=\"lazy\" width=\"602\" height=\"223\" src=\"https:\/\/lh4.googleusercontent.com\/njNywcyYMKvDqol-K3Mw6l2aNYVFM9KmjnFUoQahMRYPdvfA_GzEKUoLLO4zLa-bVUnZBwdesgiXhe-KcM6YXZOqGTPpihQvKeuAXBaDGj_0oTg8K2s8We5JAhDNx9J8HNvODdkC\"><\/p>\n\n\n\n<p>L\u2019origen del Dia de l\u2019Infant prov\u00e9 de l&#8217;\u00e8poca de la Primera Guerra Mundial, quan les consequencies d\u2019aquesta guerra eren devastadores per els pobles, i varen deixar milers d\u2019infants abandonats sense cap tipus de llar. Davant d\u2019aquesta situaci\u00f3 la ONU, va comen\u00e7ar a preocupar-se per aquesta problem\u00e0tica en relaci\u00f3 als m\u00e9s petits.<\/p>\n\n\n\n<p><img decoding=\"async\" loading=\"lazy\" width=\"315\" height=\"197\" src=\"https:\/\/lh6.googleusercontent.com\/VpBUEORd0feCZyj2tP88sZh9K7Uhz1vd40J3LVp4p3eNBEwyu9pn1pu9W_bGPWDlCsElihj2S-ZmweZbkd_t0ZQYNwG8rBO2Nvp5G9XVxquP8Tft2a1SlmXT8eu6kewETK7XvJqv\"><\/p>\n\n\n\n<p>Durant l\u2019any 1924, va comen\u00e7ar una campanya per conscienciar de la necessitat de protegir els infants i es van declarar els seus drets fonamentals.<\/p>\n\n\n\n<p>Laia Salam\u00f3<\/p>\n","protected":false},"excerpt":{"rendered":"<p>Avui, 15 d\u2019abril, es celebra en tot l\u2019estat el Dia de l&#8217;infant (a excepci\u00f3 de<\/p>\n","protected":false},"author":1,"featured_media":794,"comment_status":"open","ping_status":"open","sticky":false,"template":"","format":"standard","meta":[],"categories":[3,6,1],"tags":[],"_links":{"self":[{"href":"https:\/\/www.escolatecnos.cat\/tecdi\/index.php\/wp-json\/wp\/v2\/posts\/793"}],"collection":[{"href":"https:\/\/www.escolatecnos.cat\/tecdi\/index.php\/wp-json\/wp\/v2\/posts"}],"about":[{"href":"https:\/\/www.escolatecnos.cat\/tecdi\/index.php\/wp-json\/wp\/v2\/types\/post"}],"author":[{"embeddable":true,"href":"https:\/\/www.escolatecnos.cat\/tecdi\/index.php\/wp-json\/wp\/v2\/users\/1"}],"replies":[{"embeddable":true,"href":"https:\/\/www.escolatecnos.cat\/tecdi\/index.php\/wp-json\/wp\/v2\/comments?post=793"}],"version-history":[{"count":3,"href":"https:\/\/www.escolatecnos.cat\/tecdi\/index.php\/wp-json\/wp\/v2\/posts\/793\/revisions"}],"predecessor-version":[{"id":797,"href":"https:\/\/www.escolatecnos.cat\/tecdi\/index.php\/wp-json\/wp\/v2\/posts\/793\/revisions\/797"}],"wp:featuredmedia":[{"embeddable":true,"href":"https:\/\/www.escolatecnos.cat\/tecdi\/index.php\/wp-json\/wp\/v2\/media\/794"}],"wp:attachment":[{"href":"https:\/\/www.escolatecnos.cat\/tecdi\/index.php\/wp-json\/wp\/v2\/media?parent=793"}],"wp:term":[{"taxonomy":"category","embeddable":true,"href":"https:\/\/www.escolatecnos.cat\/tecdi\/index.php\/wp-json\/wp\/v2\/categories?post=793"},{"taxonomy":"post_tag","embeddable":true,"href":"https:\/\/www.escolatecnos.cat\/tecdi\/index.php\/wp-json\/wp\/v2\/tags?post=793"}],"curies":[{"name":"wp","href":"https:\/\/api.w.org\/{rel}","templated":true}]}}