{"id":807,"date":"2021-04-16T08:25:17","date_gmt":"2021-04-16T08:25:17","guid":{"rendered":"https:\/\/www.escolatecnos.cat\/tecdi\/?p=807"},"modified":"2021-04-16T08:25:17","modified_gmt":"2021-04-16T08:25:17","slug":"terrassa-contra-les-violencies-masclistes-nomes-a-les-noies","status":"publish","type":"post","link":"https:\/\/www.escolatecnos.cat\/tecdi\/index.php\/2021\/04\/16\/terrassa-contra-les-violencies-masclistes-nomes-a-les-noies\/","title":{"rendered":"TERRASSA CONTRA LES VIOL\u00c8NCIES MASCLISTES: NOM\u00c9S A LES NOIES?"},"content":{"rendered":"\n<p>L&#8217;altre dia la cap d&#8217;estudi de la Tecnos, la Tere Puig, va entrar a les classes de l&#8217;ESO i va repartir fullet\u00f3, per\u00f2 aquest no estava destinat a tots els alumnes, sin\u00f3 nom\u00e9s a les noies.<\/p>\n\n\n\n<p>\u00c9s un paper de cartolina senzill, amb un t\u00edtol que diu: Terrassa contra les viol\u00e8ncies masclistes. El paper cont\u00e9 una s\u00e8rie de n\u00fameros d&#8217;emerg\u00e8ncia i assist\u00e8ncia les 24 hores, tel\u00e8fons de la M\u00fatua de Terrassa i altres hospitals (serveis sanitaris i d&#8217;emerg\u00e8ncia), com contactar amb serveis socials, amb la policia, amb els mossos d&#8217;esquadra&#8230;<\/p>\n\n\n\n<p>Una s\u00e8rie d&#8217;informaci\u00f3 que pot ser molt \u00fatil per a una noia en situaci\u00f3 d&#8217;emerg\u00e8ncia.<\/p>\n\n\n\n<p>Aquest simple full ens pot dir diverses coses sobre la situaci\u00f3 masclista a la nostra ciutat, Aparentment res passa, no hi ha masclisme i tot est\u00e0 correcte, per\u00f2 no \u00e9s aix\u00ed. El fet que reparteixin n\u00fameros d&#8217;emerg\u00e8ncia de policies, hospitals i assistents socials, demostra perfectament que hi ha un problema de masclisme a Terrassa, i s&#8217;ha de parar.<\/p>\n\n\n\n<p>Una alumna de 3r d&#8217;ESO opina que s&#8217;hauria de conscienciar molt m\u00e9s als nois, ja que primer; tots hem de ser feministes i segon; que han de saber el que els hi passa a les noies i aix\u00ed disminuirem la probabilitat, mitjan\u00e7ant xerrades i testimonis reals, que ells provoquin aquests casos de masclisme i ab\u00fas sexual.<\/p>\n\n\n\n<p>Conclusi\u00f3: \u00e9s suficient aquesta ajuda? I si ho \u00e9s, per qu\u00e8 no han rebut algun tipus d&#8217;informaci\u00f3 els nois o tota la classe?<\/p>\n\n\n\n<p>Ariadna Ruiz<\/p>\n","protected":false},"excerpt":{"rendered":"<p>L&#8217;altre dia la cap d&#8217;estudi de la Tecnos, la Tere Puig, va entrar a les<\/p>\n","protected":false},"author":1,"featured_media":809,"comment_status":"open","ping_status":"open","sticky":false,"template":"","format":"standard","meta":[],"categories":[47,3,19,6,1],"tags":[],"_links":{"self":[{"href":"https:\/\/www.escolatecnos.cat\/tecdi\/index.php\/wp-json\/wp\/v2\/posts\/807"}],"collection":[{"href":"https:\/\/www.escolatecnos.cat\/tecdi\/index.php\/wp-json\/wp\/v2\/posts"}],"about":[{"href":"https:\/\/www.escolatecnos.cat\/tecdi\/index.php\/wp-json\/wp\/v2\/types\/post"}],"author":[{"embeddable":true,"href":"https:\/\/www.escolatecnos.cat\/tecdi\/index.php\/wp-json\/wp\/v2\/users\/1"}],"replies":[{"embeddable":true,"href":"https:\/\/www.escolatecnos.cat\/tecdi\/index.php\/wp-json\/wp\/v2\/comments?post=807"}],"version-history":[{"count":1,"href":"https:\/\/www.escolatecnos.cat\/tecdi\/index.php\/wp-json\/wp\/v2\/posts\/807\/revisions"}],"predecessor-version":[{"id":810,"href":"https:\/\/www.escolatecnos.cat\/tecdi\/index.php\/wp-json\/wp\/v2\/posts\/807\/revisions\/810"}],"wp:featuredmedia":[{"embeddable":true,"href":"https:\/\/www.escolatecnos.cat\/tecdi\/index.php\/wp-json\/wp\/v2\/media\/809"}],"wp:attachment":[{"href":"https:\/\/www.escolatecnos.cat\/tecdi\/index.php\/wp-json\/wp\/v2\/media?parent=807"}],"wp:term":[{"taxonomy":"category","embeddable":true,"href":"https:\/\/www.escolatecnos.cat\/tecdi\/index.php\/wp-json\/wp\/v2\/categories?post=807"},{"taxonomy":"post_tag","embeddable":true,"href":"https:\/\/www.escolatecnos.cat\/tecdi\/index.php\/wp-json\/wp\/v2\/tags?post=807"}],"curies":[{"name":"wp","href":"https:\/\/api.w.org\/{rel}","templated":true}]}}