{"id":813,"date":"2021-04-16T15:02:54","date_gmt":"2021-04-16T15:02:54","guid":{"rendered":"https:\/\/www.escolatecnos.cat\/tecdi\/?p=813"},"modified":"2021-04-26T08:16:04","modified_gmt":"2021-04-26T08:16:04","slug":"dia-internacional-contra-lesclavitud-infantil","status":"publish","type":"post","link":"https:\/\/www.escolatecnos.cat\/tecdi\/index.php\/2021\/04\/16\/dia-internacional-contra-lesclavitud-infantil\/","title":{"rendered":"DIA INTERNACIONAL CONTRA L&#8217;ESCLAVITUD INFANTIL"},"content":{"rendered":"\n<p>Avui, divendres 16 d\u2019abril de 2021 \u00e9s el dia Internacional contra l\u2019esclavitud Infantil. Avui dia, per desgr\u00e0cia encara hi ha esclavitud infantil. \u00c9s una realitat que afecta a m\u00e9s de 200 milions d\u2019infants arreu del m\u00f3n.<\/p>\n\n\n\n<p><img decoding=\"async\" loading=\"lazy\" width=\"293\" height=\"293\" src=\"https:\/\/lh3.googleusercontent.com\/PitqiE7Sxd-tBL9k-RCg9T-cqOrpw6Ag2PsFjABAkZrYvgTIfbfz57jGmBTgSCYioB1G_p2aUr-A_JYtzqxRmpQVQ6nXvVvV7nMrIKdPmuGH6Lvb0EkrRZRrLHxNymgVb4G_m16c\"><\/p>\n\n\n\n<p>L\u2019esclavitud infantil es manifesta i es du a terme a trav\u00e9s de diferents maneres. Com per exemple, a trav\u00e9s de: treball for\u00e7\u00f3s, esclavitud dom\u00e8stica, matrimoni for\u00e7at, reclutament per a soldats, explotaci\u00f3 sexual, entre d\u2019altres.<\/p>\n\n\n\n<p>Aquests nens es veuen obligats a assolir treballs il\u00b7legals i perillosos. L\u2019esclavitud infantil afecta sobretot als pa\u00efsos m\u00e9s vulnerables i per aix\u00f2 \u00e9s molt important conscienciar al m\u00e0xim de gent perqu\u00e8 el treball infantil desaparegui.<\/p>\n\n\n\n<p><strong>EXPLIQUEM AQUESTA HIST\u00d2RIA, PERQU\u00c8 ELL JA NO HO POT FER:<\/strong><\/p>\n\n\n\n<p>Iqbal Masih va ser un nen pakistan\u00e8s que despr\u00e9s d\u2019estar anys fent un treball for\u00e7\u00f3s va decidir lluitar pels drets infantils. Des que tenia quatre anys, el pare d\u2019Iqbal va decidir que treball\u00e9s a una f\u00e0brica de catifes a canvi d\u2019un pr\u00e9stec per pagar el casament del seu fill gran.<\/p>\n\n\n\n<p><img decoding=\"async\" loading=\"lazy\" width=\"287\" height=\"194\" src=\"https:\/\/lh6.googleusercontent.com\/rdWzfYvo2jZzPoVRwP18ZJ2wn4JWapwW8chbuAUmrvVJ2iqCLxkugDbXatEinnUmMcG8_wCS9md-45K2Zkbu8mMLKdcZ_YrugrHIomnVGxvJu0joUpOYB6uuc7KwMwiPthW7cSe2\"><\/p>\n\n\n\n<p>Masih, treballava m\u00e9s de dotze hores di\u00e0ries i no tenia manera de sortir de la f\u00e0brica, ja que el pare demanava m\u00e9s pr\u00e9stecs.<\/p>\n\n\n\n<p>Per\u00f2 un dia va con\u00e8ixer a Ehsan Khan el qual lluitava contra l\u2019esclavitud infantil i aquest, va fer que Iqbal deix\u00e9s de banda la por i denunci\u00e9s la f\u00e0brica.<\/p>\n\n\n\n<p>Per\u00f2 a la gent no li agradava que un nen defens\u00e9s aquests tipus de drets fins que un dia de l\u2019any 1995 el van assassinar.&nbsp;<\/p>\n\n\n\n<p>A continuaci\u00f3 us deixem un v\u00eddeo que hem preparat amb uns alumnes de l\u2019escola en contra de l\u2019esclavitud infantil:&nbsp;<\/p>\n\n\n\n<figure class=\"wp-block-embed-youtube wp-block-embed is-type-video is-provider-youtube wp-embed-aspect-16-9 wp-has-aspect-ratio\"><div class=\"wp-block-embed__wrapper\">\n<iframe loading=\"lazy\" title=\"DIA INTERNACIONAL CONTRA L&#039;ESCLAVITUD INFANTIL\/ @tecdi_tecnos\" width=\"640\" height=\"360\" src=\"https:\/\/www.youtube.com\/embed\/yJ_MP0twpVs?feature=oembed\" frameborder=\"0\" allow=\"accelerometer; autoplay; clipboard-write; encrypted-media; gyroscope; picture-in-picture\" allowfullscreen><\/iframe>\n<\/div><\/figure>\n\n\n\n<p>Laia Salam\u00f3 i Marta Castany<\/p>\n","protected":false},"excerpt":{"rendered":"<p>Avui, divendres 16 d\u2019abril de 2021 \u00e9s el dia Internacional contra l\u2019esclavitud Infantil. Avui dia,<\/p>\n","protected":false},"author":1,"featured_media":814,"comment_status":"open","ping_status":"open","sticky":false,"template":"","format":"standard","meta":[],"categories":[3,6,1],"tags":[],"_links":{"self":[{"href":"https:\/\/www.escolatecnos.cat\/tecdi\/index.php\/wp-json\/wp\/v2\/posts\/813"}],"collection":[{"href":"https:\/\/www.escolatecnos.cat\/tecdi\/index.php\/wp-json\/wp\/v2\/posts"}],"about":[{"href":"https:\/\/www.escolatecnos.cat\/tecdi\/index.php\/wp-json\/wp\/v2\/types\/post"}],"author":[{"embeddable":true,"href":"https:\/\/www.escolatecnos.cat\/tecdi\/index.php\/wp-json\/wp\/v2\/users\/1"}],"replies":[{"embeddable":true,"href":"https:\/\/www.escolatecnos.cat\/tecdi\/index.php\/wp-json\/wp\/v2\/comments?post=813"}],"version-history":[{"count":2,"href":"https:\/\/www.escolatecnos.cat\/tecdi\/index.php\/wp-json\/wp\/v2\/posts\/813\/revisions"}],"predecessor-version":[{"id":817,"href":"https:\/\/www.escolatecnos.cat\/tecdi\/index.php\/wp-json\/wp\/v2\/posts\/813\/revisions\/817"}],"wp:featuredmedia":[{"embeddable":true,"href":"https:\/\/www.escolatecnos.cat\/tecdi\/index.php\/wp-json\/wp\/v2\/media\/814"}],"wp:attachment":[{"href":"https:\/\/www.escolatecnos.cat\/tecdi\/index.php\/wp-json\/wp\/v2\/media?parent=813"}],"wp:term":[{"taxonomy":"category","embeddable":true,"href":"https:\/\/www.escolatecnos.cat\/tecdi\/index.php\/wp-json\/wp\/v2\/categories?post=813"},{"taxonomy":"post_tag","embeddable":true,"href":"https:\/\/www.escolatecnos.cat\/tecdi\/index.php\/wp-json\/wp\/v2\/tags?post=813"}],"curies":[{"name":"wp","href":"https:\/\/api.w.org\/{rel}","templated":true}]}}