{"id":889,"date":"2021-05-06T08:12:04","date_gmt":"2021-05-06T08:12:04","guid":{"rendered":"https:\/\/www.escolatecnos.cat\/tecdi\/?p=889"},"modified":"2021-05-06T08:12:04","modified_gmt":"2021-05-06T08:12:04","slug":"la-gestio-de-la-covid-19","status":"publish","type":"post","link":"https:\/\/www.escolatecnos.cat\/tecdi\/index.php\/2021\/05\/06\/la-gestio-de-la-covid-19\/","title":{"rendered":"LA GESTI\u00d3 DE LA COVID-19"},"content":{"rendered":"\n<p><\/p>\n\n\n\n<p>Cap a finals de gener, es va detectar a Espanya el primer cas de la Covid-19 a Espanya. Va arribar sense que els governs, empreses i persones estigu\u00e9ssim preparats per aix\u00f2.<\/p>\n\n\n\n<p>La crisi sanit\u00e0ria ha provocat tamb\u00e9 una important crisi econ\u00f2mica. Milers de persones han estat afectades a causa de les mesures per tal de contenir el virus. Unes mesures, que han passat, en el cas del nostre pa\u00eds, per decretar l&#8217;estat d&#8217;alarma, el confinament i el tancament de les escoles. Les empreses independentment de la seva activitat, mida i recursos, s&#8217;han trobat amb la principal necessitat de gestionar una crisi ocasionada per una cosa aliena a la seva activitat. Han hagut de prendre decisions constantment segons les mesures, que pr\u00e0cticament cada dia, declara el govern espanyol, com a principal gestor de la crisi en l&#8217;\u00e0mbit estatal.<\/p>\n\n\n\n<p>Amb la Covid-19, els diferents comit\u00e8s de crisis s&#8217;han trobat davant d&#8217;un escenari completament nou, incert i canviant en qu\u00e8 el que serveix avui, potser dem\u00e0 ja no. Sempre pendents de les decisions del govern, les empreses han hagut de fixar la seva posici\u00f3 respecte a la crisi i definir clarament els seus objectius.<\/p>\n\n\n\n<p>Tamb\u00e9 han estat constantment programant les seves accions prestant especial atenci\u00f3 a les mesures anunciades per part del govern Espanyol: suspensi\u00f3 de contractes i reducci\u00f3 de jornada, teletreball, paralitzaci\u00f3 temporal d&#8217;activitats no essencials, mesures de reducci\u00f3 el risc de contagi en els centres de treball, etapes de desconfinament, etc. Les organitzacions estan gestionant la crisi amb molts altres condicionants externs, molts cops aix\u00f2 implica reaccionar m\u00e9s de pressa del que organitzativament s\u00f3n capaces.<\/p>\n\n\n\n<p>Des de la meva perspectiva crec que falta molt per arribar a poder ser millors en l&#8217;\u00e0mbit organitzatiu, ja que altres pa\u00efsos que s\u00f3n proper al nostre han desenvolupat recursos diferents que han resultat beneficiosos de cara la pand\u00e8mia. El govern d&#8217;Espanya no apr\u00e8n i evoluciona a partir de l&#8217;exemple d&#8217;altres comunitats com \u00e9s el cas de Fran\u00e7a, Alemanya entre d&#8217;altres.<\/p>\n\n\n\n<p>Laia Salam\u00f3<\/p>\n","protected":false},"excerpt":{"rendered":"<p>Cap a finals de gener, es va detectar a Espanya el primer cas de la<\/p>\n","protected":false},"author":1,"featured_media":890,"comment_status":"open","ping_status":"open","sticky":false,"template":"","format":"standard","meta":[],"categories":[47,1,7],"tags":[],"_links":{"self":[{"href":"https:\/\/www.escolatecnos.cat\/tecdi\/index.php\/wp-json\/wp\/v2\/posts\/889"}],"collection":[{"href":"https:\/\/www.escolatecnos.cat\/tecdi\/index.php\/wp-json\/wp\/v2\/posts"}],"about":[{"href":"https:\/\/www.escolatecnos.cat\/tecdi\/index.php\/wp-json\/wp\/v2\/types\/post"}],"author":[{"embeddable":true,"href":"https:\/\/www.escolatecnos.cat\/tecdi\/index.php\/wp-json\/wp\/v2\/users\/1"}],"replies":[{"embeddable":true,"href":"https:\/\/www.escolatecnos.cat\/tecdi\/index.php\/wp-json\/wp\/v2\/comments?post=889"}],"version-history":[{"count":1,"href":"https:\/\/www.escolatecnos.cat\/tecdi\/index.php\/wp-json\/wp\/v2\/posts\/889\/revisions"}],"predecessor-version":[{"id":891,"href":"https:\/\/www.escolatecnos.cat\/tecdi\/index.php\/wp-json\/wp\/v2\/posts\/889\/revisions\/891"}],"wp:featuredmedia":[{"embeddable":true,"href":"https:\/\/www.escolatecnos.cat\/tecdi\/index.php\/wp-json\/wp\/v2\/media\/890"}],"wp:attachment":[{"href":"https:\/\/www.escolatecnos.cat\/tecdi\/index.php\/wp-json\/wp\/v2\/media?parent=889"}],"wp:term":[{"taxonomy":"category","embeddable":true,"href":"https:\/\/www.escolatecnos.cat\/tecdi\/index.php\/wp-json\/wp\/v2\/categories?post=889"},{"taxonomy":"post_tag","embeddable":true,"href":"https:\/\/www.escolatecnos.cat\/tecdi\/index.php\/wp-json\/wp\/v2\/tags?post=889"}],"curies":[{"name":"wp","href":"https:\/\/api.w.org\/{rel}","templated":true}]}}