{"id":896,"date":"2021-05-06T08:24:50","date_gmt":"2021-05-06T08:24:50","guid":{"rendered":"https:\/\/www.escolatecnos.cat\/tecdi\/?p=896"},"modified":"2021-05-06T08:32:07","modified_gmt":"2021-05-06T08:32:07","slug":"un-curtmetratge-sobre-el-bullying","status":"publish","type":"post","link":"https:\/\/www.escolatecnos.cat\/tecdi\/index.php\/2021\/05\/06\/un-curtmetratge-sobre-el-bullying\/","title":{"rendered":"UN CURTMETRATGE SOBRE EL BULLYING"},"content":{"rendered":"\n<p>A la classe de valors de 3r d&#8217;ESO s&#8217;ha estat treballant al voltant del tema del bullying mitjan\u00e7ant un curtmetratge sobre aquest tema. Aqu\u00ed us deixem un parell de les reflexions sobre el v\u00eddeo. <\/p>\n\n\n\n<p><strong>REFLEXI\u00d3 DEL CURTMETRATGE<\/strong><\/p>\n\n\n\n<p><a href=\"https:\/\/www.youtube.com\/watch?v=ULLJCBW_9nw\"><strong>&nbsp;\u201cCOLGADO\u201d<\/strong><\/a><\/p>\n\n\n\n<p>Fa uns dies a l\u2019assignatura de Cultura i Valors els alumnes de 3 d\u2019ESO van veure un curtmetratge anomenat <a href=\"https:\/\/www.youtube.com\/watch?v=ULLJCBW_9nw\">\u201cColgado\u201d.<\/a><\/p>\n\n\n\n<p>Unes alumnes d\u2019aquest curs varen fer una molt bona reflexi\u00f3, posant-se en la pell dels personatges principals del v\u00eddeo.<\/p>\n\n\n\n<p><strong>ENS POSEM EN LA PELL DE LA V\u00cdCTIMA:<\/strong><\/p>\n\n\n\n<p>En part creiem que hi ha altres maneres<strong> d\u2019acabar<\/strong> amb el bullying; per exemple, <strong>parlar<\/strong> amb un adult o un professional, tot i que a vegades no \u00e9s <strong>f\u00e0cil<\/strong>. Per\u00f2 d\u2019altre banda tamb\u00e9 <strong>entenem<\/strong> d\u2019alguna manera la<strong> forma<\/strong> d\u2019actuar de la <strong>v\u00edctima<\/strong>, ja que potser \u00e9s molt complicat<strong> superar-ho<\/strong> i \u00e9s possible que et quedi un <strong>trauma.<\/strong><\/p>\n\n\n\n<p><strong>ENS POSEM EN LA PELL DE L\u2019ASSETJADORA:<\/strong><\/p>\n\n\n\n<p>Nosaltres creiem que ella no se <strong>n\u2019adona<\/strong> de la <strong>gravetat<\/strong> dels seus actes encara que passin<strong> coses fortes<\/strong> com el su\u00efcidi i la mort d\u2019una persona.&nbsp;<\/p>\n\n\n\n<p>Potser <strong>no<\/strong> ho vol <strong>recon\u00e8ixer<\/strong> perqu\u00e8 pensa que les <strong>idees contr\u00e0ries<\/strong> a les seves estan <strong>malament<\/strong>, i que ella sempre t\u00e9 <strong>ra\u00f3.<\/strong><\/p>\n\n\n\n<p><strong>CAN\u00c7ONS CONTRA EL BULLYING<\/strong><\/p>\n\n\n\n<p>A continuaci\u00f3 us presentarem una can\u00e7\u00f3 que tracta en contra del Bullying. <a href=\"https:\/\/www.youtube.com\/watch?v=Y7NVxAMQn_I\">\u00c9s titula&nbsp; Bully&nbsp; i es del grup de m\u00fasica anomenat Shinedown.<\/a><\/p>\n\n\n\n<p>Aquesta can\u00e7\u00f3 tracta sobre els sentiments dels nens que tr\u00e0gicament es su\u00efciden com a resultat de patir assetjament escolar. A m\u00e9s a m\u00e9s, la can\u00e7\u00f3 explica les experi\u00e8ncies personals en detall que han patit els components del grup.&nbsp;<\/p>\n\n\n\n<p>Shinedown, amb aquesta can\u00e7\u00f3 ens vol fer veure que sempre hi ha una manera d\u2019aixecar-se i superar-ho.&nbsp;<\/p>\n\n\n\n<p><em>Irune Su\u00f1e, Elsa Piera, Marta Castany i Laia Salam\u00f3<\/em><\/p>\n\n\n\n<p><\/p>\n\n\n\n<p><strong>Reflexi\u00f3 sobre el v\u00eddeo:<\/strong><\/p>\n\n\n\n<p>En el v\u00eddeo es pot veure clarament que en l&#8217;acte del assetjament escolar no afecta nom\u00e9s negativament a la v\u00edctima sin\u00f3 que, en aquest cas, tamb\u00e9 pateixen les &#8216;agressores. \u00d2bviament no els afecta de la mateixa manera, per\u00f2 en aquest cap de les dues parts en surten beneficiades.<\/p>\n\n\n\n<p>L&#8217;acte del bullying pot aparentar un fet molt simple i inofensiu, per\u00f2 pot arribar, en cas extrem, al su\u00efcidi com a aquest cas. Aix\u00f2 reflecteix perfectament la gravetat que alg\u00fa sigui assetjat a l&#8217;escola. Tamb\u00e9 creiem que \u00e9s important el fet d&#8217;aturar i detectar aquest assetjament i conjunt d&#8217;injust\u00edcies tan aviat com es pugui ja que, com m\u00e9s temps passi, m\u00e9s greu pot ser el problema i m\u00e9s grans poden ser les conseq\u00fc\u00e8ncies. Hi ha moltes vegades que, els mateixos agressors tenen problemes familiars, o socials i ho paguen, descarreguen la seva r\u00e0bia i castiguen a alg\u00fa que aparentment \u00e9s m\u00e9s d\u00e8bil, la v\u00edctima. Llavors, primer de tot, que alg\u00fa tingui problemes interiors o exteriors no \u00e9s motiu per fer-li la vida impossible a una altra persona, i tamb\u00e9, un altre dels problemes \u00e9s que al final es forma una cadena: un agresor que ho ha passat malament li fa la vida impossible a un altre i llavors la v\u00edctima es converteix en un agresor\/agressora i busca a la seg\u00fcent v\u00edctima de la cadena. Amb aix\u00f2 recalquem que s&#8217;ha d&#8217;aturar com m\u00e9s aviat millor, perqu\u00e8 la cadena no se segueixi efectuant. Tamb\u00e9 creiem que els observadors fan molt mal a la v\u00edctima, ja que com no actuen ni fan res, est\u00e0 permetent que l&#8217;acte del bullying se segueixi efectuant, i d&#8217;alguna manera, li estan donant el seu suport a l&#8217;agressor o agressors.<\/p>\n\n\n\n<p>Tamb\u00e9 hem de dir que creiem que aquest conjunt d&#8217;atacs verbals o f\u00edsics no nom\u00e9s poden passar a l&#8217;escola, sin\u00f3 que tamb\u00e9 \u00e9s trobar a la feina o a la mateixa casa.<\/p>\n\n\n\n<p>Creiem que ning\u00fa, i absolutament ning\u00fa, es mereix aquest tipus de situaci\u00f3 o menyspreu per qui \u00e9s, com actua, com vesteix o incl\u00fas el seu color de pell o sexe.<\/p>\n\n\n\n<p>Que les noies acabessin la vida d&#8217;una altra \u00e9s extremadament greu, i \u00e9s inadmissible oblidar o fugir del problema, com diu una de les noies, o riure se&#8217;n d&#8217;ell, com fa una altra.<\/p>\n\n\n\n<p>Creiem que la millor reacci\u00f3 de les tres noies ha sigut la de la rossa que parlava amb la seva parella, ja que ha decidit actuar, en lloc de fugir o ignorar el problema. En aquest cas creiem que s&#8217;ha d&#8217;admetre el que van fer malament, per assumir les conseq\u00fc\u00e8ncies i no tenir aquest sentiment de culpa per haver matat a una altra persona dins seu per la resta de la seva vida.<\/p>\n\n\n\n<p>Les idees principals que ens transmet el v\u00eddeo s\u00f3n: pensar abans d&#8217;actuar, que no \u00e9s una broma, que no val la pena i actuar davant dels problemes, no ignorar-los o riure d&#8217;ells.<\/p>\n\n\n\n<p><strong>Can\u00e7ons que tracten el tema del bullying:<\/strong><\/p>\n\n\n\n<p>Sody &#8211; The Bully (Official Video)<\/p>\n\n\n\n<p>Aquesta noia escriu la can\u00e7\u00f3 basant-se en la seva experi\u00e8ncia personal amb el bullying, ja que en va patir de petita. Creiem que \u00e9s maco que hagi superat el trauma infantil i que hagi plasmat els seus sentiments i an\u00e8cdotes a una partitura amb una lletra que transmet el missatge que vol donar.<\/p>\n\n\n\n<p>En una entrevista va dir: &#8220;Vaig escriure The Bully mentre reflexionava sobre com em sentia assetjada a l&#8217;escola. Per la meva prud\u00e8ncia, necessitava trobar el positiu en una situaci\u00f3 negativa per acceptar el que havia passat i seguir endavant. Vaig trobar la meva manera de curar-me en la l\u00edrica: &#8220;M&#8217;alegro que m&#8217;hagi passat a mi i no a tu&#8221; i espero que ajudi els altres a trobar tamb\u00e9 la seva for\u00e7a interior&#8221;<\/p>\n\n\n\n<p>Ariadna Ruiz <\/p>\n","protected":false},"excerpt":{"rendered":"<p>A la classe de valors de 3r d&#8217;ESO s&#8217;ha estat treballant al voltant del tema<\/p>\n","protected":false},"author":1,"featured_media":899,"comment_status":"open","ping_status":"open","sticky":false,"template":"","format":"standard","meta":[],"categories":[47,3,19,1],"tags":[],"_links":{"self":[{"href":"https:\/\/www.escolatecnos.cat\/tecdi\/index.php\/wp-json\/wp\/v2\/posts\/896"}],"collection":[{"href":"https:\/\/www.escolatecnos.cat\/tecdi\/index.php\/wp-json\/wp\/v2\/posts"}],"about":[{"href":"https:\/\/www.escolatecnos.cat\/tecdi\/index.php\/wp-json\/wp\/v2\/types\/post"}],"author":[{"embeddable":true,"href":"https:\/\/www.escolatecnos.cat\/tecdi\/index.php\/wp-json\/wp\/v2\/users\/1"}],"replies":[{"embeddable":true,"href":"https:\/\/www.escolatecnos.cat\/tecdi\/index.php\/wp-json\/wp\/v2\/comments?post=896"}],"version-history":[{"count":2,"href":"https:\/\/www.escolatecnos.cat\/tecdi\/index.php\/wp-json\/wp\/v2\/posts\/896\/revisions"}],"predecessor-version":[{"id":905,"href":"https:\/\/www.escolatecnos.cat\/tecdi\/index.php\/wp-json\/wp\/v2\/posts\/896\/revisions\/905"}],"wp:featuredmedia":[{"embeddable":true,"href":"https:\/\/www.escolatecnos.cat\/tecdi\/index.php\/wp-json\/wp\/v2\/media\/899"}],"wp:attachment":[{"href":"https:\/\/www.escolatecnos.cat\/tecdi\/index.php\/wp-json\/wp\/v2\/media?parent=896"}],"wp:term":[{"taxonomy":"category","embeddable":true,"href":"https:\/\/www.escolatecnos.cat\/tecdi\/index.php\/wp-json\/wp\/v2\/categories?post=896"},{"taxonomy":"post_tag","embeddable":true,"href":"https:\/\/www.escolatecnos.cat\/tecdi\/index.php\/wp-json\/wp\/v2\/tags?post=896"}],"curies":[{"name":"wp","href":"https:\/\/api.w.org\/{rel}","templated":true}]}}