{"id":965,"date":"2021-05-28T08:27:51","date_gmt":"2021-05-28T08:27:51","guid":{"rendered":"https:\/\/www.escolatecnos.cat\/tecdi\/?p=965"},"modified":"2021-10-13T08:13:31","modified_gmt":"2021-10-13T08:13:31","slug":"que-se-nha-fet-daquelles-flors-1r-eso","status":"publish","type":"post","link":"https:\/\/www.escolatecnos.cat\/tecdi\/index.php\/2021\/05\/28\/que-se-nha-fet-daquelles-flors-1r-eso\/","title":{"rendered":"QU\u00c8 SE N&#8217;HA FET D&#8217;AQUELLES FLORS?-1r ESO"},"content":{"rendered":"\n<p>Els nois i nois de 1r d\u2019ESO treballen aquests dies el projecte \u201cQu\u00e8 se n\u2019ha fet, d\u2019aquelles flors?\u201d per con\u00e8ixer el cicle de la vida dels vegetals i la relaci\u00f3 que tenen amb les altres esp\u00e8cies, incloses els humans. Per aprendre la morfologia de les plantes i les flors, van investigar sobre un tipus de planta i van confeccionar manualment la flor corresponent, amb totes les seves parts i particularitats. Al passad\u00eds de baix podreu gaudir d\u2019una aut\u00e8ntica explosi\u00f3 de colors i d\u2019olors ben pr\u00f2pia de l\u2019\u00e8poca primaveral en qu\u00e8 estem. No us ho perdeu!&nbsp;<\/p>\n\n\n\n<figure class=\"wp-block-image size-large is-resized\"><img decoding=\"async\" loading=\"lazy\" src=\"https:\/\/www.escolatecnos.cat\/tecdi\/wp-content\/uploads\/2021\/05\/flotrws-1.jpg\" alt=\"\" class=\"wp-image-969\" width=\"267\" height=\"199\" srcset=\"https:\/\/www.escolatecnos.cat\/tecdi\/wp-content\/uploads\/2021\/05\/flotrws-1.jpg 626w, https:\/\/www.escolatecnos.cat\/tecdi\/wp-content\/uploads\/2021\/05\/flotrws-1-300x225.jpg 300w\" sizes=\"(max-width: 267px) 100vw, 267px\" \/><\/figure>\n\n\n\n<p>A m\u00e9s, dimarts 11 van fer una sortida Sant Pere de Torell\u00f3 (Osona), per visitar La casa de les abelles. En Ramon i la Cec\u00edlia, apicultors des de fa molts anys, els hi van explicar molt b\u00e9 la import\u00e0ncia que tenen les abelles per al nostre ecosistema. Sab\u00edeu que, per exemple, sense abelles, els arbres fruiters no donarien totes les fruites que ens mengem? Tamb\u00e9 van poder ser aut\u00e8ntics apicultors per una estona i van veure de ben a prop les cases de les abelles amb la bresca, el n\u00e8ctar, les larves, els ous, les abelles obreres, els abellots, la reina\u2026 Va ser fascinant!<\/p>\n\n\n\n<figure class=\"wp-block-image size-large\"><img decoding=\"async\" loading=\"lazy\" width=\"372\" height=\"278\" src=\"https:\/\/www.escolatecnos.cat\/tecdi\/wp-content\/uploads\/2021\/05\/image.png\" alt=\"\" class=\"wp-image-970\" srcset=\"https:\/\/www.escolatecnos.cat\/tecdi\/wp-content\/uploads\/2021\/05\/image.png 372w, https:\/\/www.escolatecnos.cat\/tecdi\/wp-content\/uploads\/2021\/05\/image-300x224.png 300w\" sizes=\"(max-width: 372px) 100vw, 372px\" \/><\/figure>\n\n\n\n<p>\u00a0<\/p>\n","protected":false},"excerpt":{"rendered":"<p>Els nois i nois de 1r d\u2019ESO treballen aquests dies el projecte \u201cQu\u00e8 se n\u2019ha<\/p>\n","protected":false},"author":1,"featured_media":972,"comment_status":"open","ping_status":"open","sticky":false,"template":"","format":"standard","meta":[],"categories":[19],"tags":[],"_links":{"self":[{"href":"https:\/\/www.escolatecnos.cat\/tecdi\/index.php\/wp-json\/wp\/v2\/posts\/965"}],"collection":[{"href":"https:\/\/www.escolatecnos.cat\/tecdi\/index.php\/wp-json\/wp\/v2\/posts"}],"about":[{"href":"https:\/\/www.escolatecnos.cat\/tecdi\/index.php\/wp-json\/wp\/v2\/types\/post"}],"author":[{"embeddable":true,"href":"https:\/\/www.escolatecnos.cat\/tecdi\/index.php\/wp-json\/wp\/v2\/users\/1"}],"replies":[{"embeddable":true,"href":"https:\/\/www.escolatecnos.cat\/tecdi\/index.php\/wp-json\/wp\/v2\/comments?post=965"}],"version-history":[{"count":3,"href":"https:\/\/www.escolatecnos.cat\/tecdi\/index.php\/wp-json\/wp\/v2\/posts\/965\/revisions"}],"predecessor-version":[{"id":973,"href":"https:\/\/www.escolatecnos.cat\/tecdi\/index.php\/wp-json\/wp\/v2\/posts\/965\/revisions\/973"}],"wp:featuredmedia":[{"embeddable":true,"href":"https:\/\/www.escolatecnos.cat\/tecdi\/index.php\/wp-json\/wp\/v2\/media\/972"}],"wp:attachment":[{"href":"https:\/\/www.escolatecnos.cat\/tecdi\/index.php\/wp-json\/wp\/v2\/media?parent=965"}],"wp:term":[{"taxonomy":"category","embeddable":true,"href":"https:\/\/www.escolatecnos.cat\/tecdi\/index.php\/wp-json\/wp\/v2\/categories?post=965"},{"taxonomy":"post_tag","embeddable":true,"href":"https:\/\/www.escolatecnos.cat\/tecdi\/index.php\/wp-json\/wp\/v2\/tags?post=965"}],"curies":[{"name":"wp","href":"https:\/\/api.w.org\/{rel}","templated":true}]}}