{"id":974,"date":"2021-05-31T08:11:21","date_gmt":"2021-05-31T08:11:21","guid":{"rendered":"https:\/\/www.escolatecnos.cat\/tecdi\/?p=974"},"modified":"2021-10-13T08:13:20","modified_gmt":"2021-10-13T08:13:20","slug":"eurovision-2021-es-proclamen-guanyadors-els-italians","status":"publish","type":"post","link":"https:\/\/www.escolatecnos.cat\/tecdi\/index.php\/2021\/05\/31\/eurovision-2021-es-proclamen-guanyadors-els-italians\/","title":{"rendered":"EUROVISI\u00d3N 2021: ES PROCLAMEN GUANYADORS ELS ITALIANS"},"content":{"rendered":"\n<p><\/p>\n\n\n\n<p>El passat dissabte 22 de maig es va celebrar a Rotterdam, als Pa\u00efsos Baixos, la final de la 64 ena edici\u00f3 del Festival d\u2019Eurovisi\u00f3.<img decoding=\"async\" loading=\"lazy\" src=\"https:\/\/lh5.googleusercontent.com\/YnLR0p37FM_xJeWa0AXjVPpvYRXpGn9EOI62fVvFkaF-eNQAm-cjboWnxMAruArckBMYTHKfTOqMlv_k3vzBzIaiGBeYyKcz7gu5U0Z9SmpI7d9p3Ad04EoDRd7O3e4m3DWnWTvM\" width=\"341.16825396825396\" height=\"192\"><\/p>\n\n\n\n<p>It\u00e0lia es va proclamar guanyadora amb el grup M\u00e5neskin, un grup de rock. Amb <a href=\"https:\/\/www.youtube.com\/watch?v=RVH5dn1cxAQ\">la can\u00e7\u00f3 \u201cZitti E Buoni\u201d<\/a> han aconseguit la tercera vict\u00f2ria d\u2019It\u00e0lia en aquest certamen.&nbsp;<\/p>\n\n\n\n<p>Van aconseguir un total de 524 punts a la final superant a <a href=\"https:\/\/www.youtube.com\/watch?v=Unj9WbeLzRU\">Fran\u00e7a (499 punts)<\/a>, <a href=\"https:\/\/www.youtube.com\/watch?v=jznH_fltcYA\">Su\u00efssa (432 punts)<\/a>, <a href=\"https:\/\/www.youtube.com\/watch?v=YSMhu-PrLME\">Isl\u00e0ndia (378 punts)<\/a> i <a href=\"https:\/\/www.youtube.com\/watch?v=lqvzDkgok_g\">Ucra\u00efna (364)<\/a>, que varen completar el Top 5 de la classificaci\u00f3.<\/p>\n\n\n\n<figure class=\"wp-block-image\"><img decoding=\"async\" src=\"https:\/\/lh5.googleusercontent.com\/ty3jC83s4UTYpNbHIwsFHpyOzeJNbArETpAZoqsQ2OnGvRjPXJ3ZrrFBqXKeP06XOkgu_3OOn2qpC54E4rY7lGBAaLv3mWMLTn7CTgaa_3G2JAD5pMsvwMfz56PRUUWYSyBDrdmv\" alt=\"\"\/><\/figure>\n\n\n\n<p><img decoding=\"async\" loading=\"lazy\" src=\"https:\/\/lh4.googleusercontent.com\/TA-3NAwLLI2k-CWmfNGHDzttynhMRp4gO8xpLVVE92kiOC9HIcUpdM64X-tmgxd9QnNaZvQdjOBYhPVuS-V3QZMWCxisRFLOp6pcuG5Iy-ZSzkFqq8HSX8nQgz-dgFwvkv-eYU4q\" width=\"286.1467181467181\" height=\"215.42607560620513\"><\/p>\n\n\n\n<p>Blas Cant\u00f3, el representant del nostre Pa\u00eds, Espanya va aconseguir la 24a posici\u00f3 amb un total de 6 punts. Van ser els jurats professionals de Bulg\u00e0ria (4 punts) i del Regne Unit (2) que van atorgar els \u00fanics punts cap a <a href=\"https:\/\/www.youtube.com\/watch?v=thV-vhOQHvQ\">l\u2019actuaci\u00f3 d\u2019en Blas.&nbsp;<\/a><\/p>\n\n\n\n<p>M\u00e5neskin \u00e9s un grup format pel Damiano (el vocalista), la Vict\u00f2ria (la baixista), el Thomas (el guitarrista) i l\u2019Ethan (el percussionista). Van fundar el grup durant l\u2019any 2015, tot i que es varen con\u00e8ixer abans a&nbsp; l\u2019institut. El nom de M\u00e5neskin prov\u00e9 de la paraula \u201cllum de lluna\u201d del dan\u00e8s, ja que la baixista es originaria d\u2019aquest pa\u00eds escandinau.<img decoding=\"async\" loading=\"lazy\" src=\"https:\/\/lh3.googleusercontent.com\/-aerp2Lb4ui--FM1mrx8FY-nEEk0O5Pr57MDGQvfYCyLLeZnraqtt_SAQyIJRkvYdDGc3YUr0VXX8ldqbRt78I3br7YqVnK2pTM9bQ5h7KSjBa3JIoshT6JziNmGyTyBXFhilqyE\" width=\"326.1176470588235\" height=\"184\"><img decoding=\"async\" loading=\"lazy\" src=\"https:\/\/lh5.googleusercontent.com\/gvCqfUIEU5afrXyz6aNkgmim4H-6c9I11wLlFthJludZ8DcFkVCn69dCH1wkJki96UP2Rlcgw2rnCKB6HP4Ygzt4jrkielI7RJhheTVjT-NSjGrm4Ze0rSt6oyZnwFQEjJ8aDrZQ\" width=\"494.68695652173915\" height=\"278.1098427492909\"><\/p>\n\n\n\n<p>La can\u00e7\u00f3 guanyadora <a href=\"https:\/\/www.youtube.com\/watch?v=RVH5dn1cxAQ\">\u201cZitti E Buoni\u201d<\/a>, significa literalment: Calla i sigues bo. I va ser abans del Festival d\u2019Eurovisi\u00f3, l<a href=\"https:\/\/www.youtube.com\/watch?v=vFS_JG9vupg\">a guanyadora del 71 festival de la can\u00e7\u00f3 italiana de Sanremo.<\/a><\/p>\n\n\n\n<p>Laia Salam\u00f3<\/p>\n","protected":false},"excerpt":{"rendered":"<p>El passat dissabte 22 de maig es va celebrar a Rotterdam, als Pa\u00efsos Baixos, la<\/p>\n","protected":false},"author":1,"featured_media":975,"comment_status":"open","ping_status":"open","sticky":false,"template":"","format":"standard","meta":[],"categories":[3,6],"tags":[],"_links":{"self":[{"href":"https:\/\/www.escolatecnos.cat\/tecdi\/index.php\/wp-json\/wp\/v2\/posts\/974"}],"collection":[{"href":"https:\/\/www.escolatecnos.cat\/tecdi\/index.php\/wp-json\/wp\/v2\/posts"}],"about":[{"href":"https:\/\/www.escolatecnos.cat\/tecdi\/index.php\/wp-json\/wp\/v2\/types\/post"}],"author":[{"embeddable":true,"href":"https:\/\/www.escolatecnos.cat\/tecdi\/index.php\/wp-json\/wp\/v2\/users\/1"}],"replies":[{"embeddable":true,"href":"https:\/\/www.escolatecnos.cat\/tecdi\/index.php\/wp-json\/wp\/v2\/comments?post=974"}],"version-history":[{"count":1,"href":"https:\/\/www.escolatecnos.cat\/tecdi\/index.php\/wp-json\/wp\/v2\/posts\/974\/revisions"}],"predecessor-version":[{"id":976,"href":"https:\/\/www.escolatecnos.cat\/tecdi\/index.php\/wp-json\/wp\/v2\/posts\/974\/revisions\/976"}],"wp:featuredmedia":[{"embeddable":true,"href":"https:\/\/www.escolatecnos.cat\/tecdi\/index.php\/wp-json\/wp\/v2\/media\/975"}],"wp:attachment":[{"href":"https:\/\/www.escolatecnos.cat\/tecdi\/index.php\/wp-json\/wp\/v2\/media?parent=974"}],"wp:term":[{"taxonomy":"category","embeddable":true,"href":"https:\/\/www.escolatecnos.cat\/tecdi\/index.php\/wp-json\/wp\/v2\/categories?post=974"},{"taxonomy":"post_tag","embeddable":true,"href":"https:\/\/www.escolatecnos.cat\/tecdi\/index.php\/wp-json\/wp\/v2\/tags?post=974"}],"curies":[{"name":"wp","href":"https:\/\/api.w.org\/{rel}","templated":true}]}}